{"id":69,"date":"2020-12-19T23:31:44","date_gmt":"2020-12-19T22:31:44","guid":{"rendered":"http:\/\/pdspraha.eu\/?p=69"},"modified":"2021-04-12T11:27:53","modified_gmt":"2021-04-12T09:27:53","slug":"www-theprime-cz","status":"publish","type":"post","link":"https:\/\/pdspraha.eu\/en\/www-theprime-cz\/","title":{"rendered":"thePrime"},"content":{"rendered":"[vc_row type=&#8221;in_container&#8221; full_screen_row_position=&#8221;middle&#8221; column_margin=&#8221;default&#8221; column_direction=&#8221;default&#8221; column_direction_tablet=&#8221;default&#8221; column_direction_phone=&#8221;default&#8221; scene_position=&#8221;center&#8221; text_color=&#8221;dark&#8221; text_align=&#8221;left&#8221; row_border_radius=&#8221;none&#8221; row_border_radius_applies=&#8221;bg&#8221; overlay_strength=&#8221;0.3&#8243; gradient_direction=&#8221;left_to_right&#8221; shape_divider_position=&#8221;bottom&#8221; bg_image_animation=&#8221;none&#8221;][vc_column column_padding=&#8221;no-extra-padding&#8221; column_padding_tablet=&#8221;inherit&#8221; column_padding_phone=&#8221;inherit&#8221; column_padding_position=&#8221;all&#8221; column_element_spacing=&#8221;default&#8221; background_color_opacity=&#8221;1&#8243; background_hover_color_opacity=&#8221;1&#8243; column_shadow=&#8221;none&#8221; column_border_radius=&#8221;none&#8221; column_link_target=&#8221;_self&#8221; gradient_direction=&#8221;left_to_right&#8221; overlay_strength=&#8221;0.3&#8243; width=&#8221;1\/1&#8243; tablet_width_inherit=&#8221;default&#8221; tablet_text_alignment=&#8221;default&#8221; phone_text_alignment=&#8221;default&#8221; bg_image_animation=&#8221;none&#8221; border_type=&#8221;simple&#8221; column_border_width=&#8221;none&#8221; column_border_style=&#8221;solid&#8221;][vc_custom_heading text=&#8221;Petr Urb\u00e1nek to lead Pra\u017esk\u00e1 developersk\u00e1 spole\u010dnost&#8221;][divider line_type=&#8221;No Line&#8221;][vc_column_text]In early October, <strong>Petr Urb\u00e1nek<\/strong> was named director of the <strong>Prague Development Company (PDS)<\/strong>, a brand-new, publicly-funded entity whose establishment marks a fresh effort by the city to add to its limited stock of public housing. It\u2019s been clear for years now that prices for flats in the Czech capital were rising beyond the budgets of the middle class. That\u2019s not just a problem for the private developers who are running out of people to sell to: the resulting lack of diversity is becoming a threat to the functioning of the city itself, since essential workers (including nurses, emergency service professionals or teachers) don\u2019t tend to be paid very well.<\/p>\n<p>That\u2019s why most European cities have built up stocks of public housing or at least rent-controlled apartments, but they\u2019ve done this over a period of decades. Not Prague, though. The city sold off most of its residential assets in wave after wave of privatizations beginning in the 1990\u2019s in the rush to embrace what it saw as a market economy. This may have had substantial benefits for thousands of families, but it leaves the city itself with few options to provide help where it\u2019s needed.<\/p>\n<p><em>Cel\u00fd \u010dl\u00e1nek si p\u0159e\u010dtete<\/em> <a href=\"https:\/\/theprime.cz\/index.php\/2020\/12\/19\/petr-urbanek-to-lead-prazska-developerska-spolecnost\/\" target=\"_blank\" rel=\"noopener\">zde<\/a>.[\/vc_column_text][\/vc_column][\/vc_row]\n","protected":false},"excerpt":{"rendered":"<p>[vc_row type=&#8221;in_container&#8221; full_screen_row_position=&#8221;middle&#8221; column_margin=&#8221;default&#8221; column_direction=&#8221;default&#8221; column_direction_tablet=&#8221;default&#8221; column_direction_phone=&#8221;default&#8221; scene_position=&#8221;center&#8221; text_color=&#8221;dark&#8221; text_align=&#8221;left&#8221; row_border_radius=&#8221;none&#8221; row_border_radius_applies=&#8221;bg&#8221; overlay_strength=&#8221;0.3&#8243; gradient_direction=&#8221;left_to_right&#8221; shape_divider_position=&#8221;bottom&#8221; bg_image_animation=&#8221;none&#8221;][vc_column column_padding=&#8221;no-extra-padding&#8221; column_padding_tablet=&#8221;inherit&#8221; column_padding_phone=&#8221;inherit&#8221; column_padding_position=&#8221;all&#8221; column_element_spacing=&#8221;default&#8221; background_color_opacity=&#8221;1&#8243; background_hover_color_opacity=&#8221;1&#8243; column_shadow=&#8221;none&#8221; column_border_radius=&#8221;none&#8221; column_link_target=&#8221;_self&#8221; gradient_direction=&#8221;left_to_right&#8221; overlay_strength=&#8221;0.3&#8243; width=&#8221;1\/1&#8243; tablet_width_inherit=&#8221;default&#8221;&#8230;<\/p>\n","protected":false},"author":1,"featured_media":0,"comment_status":"closed","ping_status":"closed","sticky":false,"template":"","format":"standard","meta":{"footnotes":""},"categories":[3],"tags":[],"class_list":{"0":"post-69","1":"post","2":"type-post","3":"status-publish","4":"format-standard","6":"category-napsali-o-nas"},"_links":{"self":[{"href":"https:\/\/pdspraha.eu\/en\/wp-json\/wp\/v2\/posts\/69","targetHints":{"allow":["GET"]}}],"collection":[{"href":"https:\/\/pdspraha.eu\/en\/wp-json\/wp\/v2\/posts"}],"about":[{"href":"https:\/\/pdspraha.eu\/en\/wp-json\/wp\/v2\/types\/post"}],"author":[{"embeddable":true,"href":"https:\/\/pdspraha.eu\/en\/wp-json\/wp\/v2\/users\/1"}],"replies":[{"embeddable":true,"href":"https:\/\/pdspraha.eu\/en\/wp-json\/wp\/v2\/comments?post=69"}],"version-history":[{"count":11,"href":"https:\/\/pdspraha.eu\/en\/wp-json\/wp\/v2\/posts\/69\/revisions"}],"predecessor-version":[{"id":784,"href":"https:\/\/pdspraha.eu\/en\/wp-json\/wp\/v2\/posts\/69\/revisions\/784"}],"wp:attachment":[{"href":"https:\/\/pdspraha.eu\/en\/wp-json\/wp\/v2\/media?parent=69"}],"wp:term":[{"taxonomy":"category","embeddable":true,"href":"https:\/\/pdspraha.eu\/en\/wp-json\/wp\/v2\/categories?post=69"},{"taxonomy":"post_tag","embeddable":true,"href":"https:\/\/pdspraha.eu\/en\/wp-json\/wp\/v2\/tags?post=69"}],"curies":[{"name":"wp","href":"https:\/\/api.w.org\/{rel}","templated":true}]}}